{"id":192,"date":"2024-01-16T13:45:48","date_gmt":"2024-01-16T12:45:48","guid":{"rendered":"https:\/\/sophimages.be\/en\/?p=192"},"modified":"2025-02-06T16:26:40","modified_gmt":"2025-02-06T15:26:40","slug":"prelude-to-the-sea","status":"publish","type":"post","link":"https:\/\/sophimages.be\/nl\/prelude-to-the-sea\/","title":{"rendered":"Prelude to the sea"},"content":{"rendered":"\n<h2 class=\"wp-block-heading\">Synopsis<\/h2>\n\n\n\n<p>Deze Prelude tot de zee op muziek van Claude Debussy en naar een tekst van Stephane Mallarm\u00e9, is het sublieme muzikale gedicht van het afwezige, het verdwijnen. <\/p>\n\n\n\n<p>Middenin het uitgedroogde Aralmeer wordt dit gedicht geconfronteerd binnen een catastrofale omgeving, een plaats waar een heel meer aan het verdwijnen is.<\/p>\n\n\n\n<figure class=\"wp-block-embed is-type-video is-provider-vimeo wp-block-embed-vimeo wp-embed-aspect-16-9 wp-has-aspect-ratio\"><div class=\"wp-block-embed__wrapper\">\n<iframe loading=\"lazy\" title=\"PRELUDE A LA MER - excerpt\" src=\"https:\/\/player.vimeo.com\/video\/70614441?dnt=1&amp;app_id=122963\" width=\"500\" height=\"281\" frameborder=\"0\" allow=\"autoplay; fullscreen; picture-in-picture; clipboard-write; encrypted-media\"><\/iframe>\n<\/div><\/figure>\n\n\n\n<h2 class=\"wp-block-heading\">Regisseur<\/h2>\n\n\n\n<p>Thierry De Mey<\/p>\n\n\n\n<h2 class=\"wp-block-heading\">Jaar<\/h2>\n\n\n\n<p>2009<\/p>\n\n\n\n<h2 class=\"wp-block-heading\">Prijzen &#8211; festivals<\/h2>\n\n\n\n<p>Montr\u00e9al intl FF des films sur l&#8217;art First Prize, Biarritz FIPA competition ao.<\/p>\n\n\n\n<p><em><u>Hendaye (France)<\/u><\/em><\/p>\n\n\n\n<p>31\/3\/2011<\/p>\n\n\n\n<p><a href=\"http:\/\/filmar.hendaye.com\/\">\u2192&nbsp;FILMAR<\/a><\/p>\n\n\n\n<p>Ouverture de la 4e \u00e9dition du&nbsp;<strong>Festival International du film de la mer et de ses environnements<\/strong><\/p>\n\n\n\n<p><em><u>Montr\u00e9al (Canada)<\/u><\/em><\/p>\n\n\n\n<p>17\/3\/2011<\/p>\n\n\n\n<p><a href=\"http:\/\/artfifa.com\/index.php?option=com_content&#038;task=view&#038;id=291&#038;Itemid=650&#038;lang=fr\">\u2192&nbsp;29e FIFA<\/a><\/p>\n\n\n\n<p>Repris dans la s\u00e9lection officielle<\/p>\n\n\n\n<p><em><u>Biarritz (France)<\/u><\/em><\/p>\n\n\n\n<p>25\/1\/2011&nbsp;\u2192&nbsp;26\/1\/2011<\/p>\n\n\n\n<p><a href=\"http:\/\/www.fipa.tm.fr\/fr\/programmes\/2011\/prelude-a-la-mer-21859.htm\">\u2192&nbsp;24e FIPA<\/a><\/p>\n\n\n\n<p>Repris dans la s\u00e9lection officielle<\/p>\n\n\n\n<p><em><u>Barcelona (Espagne)<\/u><\/em><\/p>\n\n\n\n<p>16\/1\/2011<\/p>\n\n\n\n<p><a href=\"http:\/\/www.nu2s.org\/\">\u2192&nbsp;IDN festival<\/a><\/p>\n\n\n\n<p>avec&nbsp;<em>R\u00e9manences<\/em>&nbsp;(installation)<em>, Light Music<\/em>&nbsp;(pi\u00e8ce musicale pour un chef &#8220;solo&#8221;, projections et dispostif interactif) et&nbsp;<em>La Valse&nbsp;<\/em>(film)<\/p>\n\n\n\n<p><em><u>Strasbourg (France)<\/u><\/em><\/p>\n\n\n\n<p>11\/1\/2011<\/p>\n\n\n\n<p><a href=\"http:\/\/www.musees.strasbourg.eu\/index.php?page=mamcs\">\u2192&nbsp;MAMC &#8211; Mus\u00e9e d&#8217;Art Moderne et Contemporain<\/a><\/p>\n\n\n\n<p>Projection des films, en pr\u00e9sence de Thierry De Mey qui est invit\u00e9 \u00e0 prendre la parole autour de son travail :<\/p>\n\n\n\n<p><em>Musique de table, Violin Phase, One flat thing, reproduced, Pr\u00e9lude \u00e0 la mer, La Valse<\/em><\/p>\n\n\n\n<p><em><u>Poitiers (France)<\/u><\/em><\/p>\n\n\n\n<p>6\/1\/2011&nbsp;\u2192&nbsp;15\/1\/2011<\/p>\n\n\n\n<p><a href=\"http:\/\/www.tap-poitiers.com\/\">\u2192&nbsp;Le TAP<\/a><\/p>\n\n\n\n<h2 class=\"wp-block-heading\">Partners<\/h2>\n\n\n\n<p>Sophimages ism het VAF- Vlaams audiovisueel Fonds, Flanders image, WBI, Cfwb, CBA, Charleroi Danses, ARTE, ZDF, Cit\u00e9 de la Musique, Rosas , Concertgebouw Brugge, Flagey<\/p>\n\n\n\n<figure class=\"wp-block-gallery has-nested-images columns-default is-cropped wp-block-gallery-1 is-layout-flex wp-block-gallery-is-layout-flex\">\n<figure class=\"wp-block-image size-large\"><img loading=\"lazy\" decoding=\"async\" width=\"1024\" height=\"683\" data-id=\"196\" src=\"https:\/\/sophimages.be\/wp-content\/uploads\/2024\/12\/prelude2-1024x683.jpg\" alt=\"\" class=\"wp-image-196\" srcset=\"https:\/\/sophimages.be\/wp-content\/uploads\/2024\/12\/prelude2-1024x683.jpg 1024w, https:\/\/sophimages.be\/wp-content\/uploads\/2024\/12\/prelude2-300x200.jpg 300w, https:\/\/sophimages.be\/wp-content\/uploads\/2024\/12\/prelude2-768x512.jpg 768w, https:\/\/sophimages.be\/wp-content\/uploads\/2024\/12\/prelude2-1536x1024.jpg 1536w, https:\/\/sophimages.be\/wp-content\/uploads\/2024\/12\/prelude2-2048x1365.jpg 2048w\" sizes=\"auto, (max-width: 1024px) 100vw, 1024px\" \/><\/figure>\n\n\n\n<figure class=\"wp-block-image size-large\"><img loading=\"lazy\" decoding=\"async\" width=\"640\" height=\"383\" data-id=\"193\" src=\"https:\/\/sophimages.be\/wp-content\/uploads\/2024\/12\/prelude3.jpg\" alt=\"\" class=\"wp-image-193\" srcset=\"https:\/\/sophimages.be\/wp-content\/uploads\/2024\/12\/prelude3.jpg 640w, https:\/\/sophimages.be\/wp-content\/uploads\/2024\/12\/prelude3-300x180.jpg 300w\" sizes=\"auto, (max-width: 640px) 100vw, 640px\" \/><\/figure>\n\n\n\n<figure class=\"wp-block-image size-large\"><img loading=\"lazy\" decoding=\"async\" width=\"640\" height=\"426\" data-id=\"194\" src=\"https:\/\/sophimages.be\/wp-content\/uploads\/2024\/12\/prelude1.jpg\" alt=\"\" class=\"wp-image-194\" srcset=\"https:\/\/sophimages.be\/wp-content\/uploads\/2024\/12\/prelude1.jpg 640w, https:\/\/sophimages.be\/wp-content\/uploads\/2024\/12\/prelude1-300x200.jpg 300w\" sizes=\"auto, (max-width: 640px) 100vw, 640px\" \/><\/figure>\n\n\n\n<figure class=\"wp-block-image size-large\"><img loading=\"lazy\" decoding=\"async\" width=\"640\" height=\"480\" data-id=\"195\" src=\"https:\/\/sophimages.be\/wp-content\/uploads\/2024\/12\/prelude4.jpg\" alt=\"\" class=\"wp-image-195\" srcset=\"https:\/\/sophimages.be\/wp-content\/uploads\/2024\/12\/prelude4.jpg 640w, https:\/\/sophimages.be\/wp-content\/uploads\/2024\/12\/prelude4-300x225.jpg 300w\" sizes=\"auto, (max-width: 640px) 100vw, 640px\" \/><\/figure>\n<\/figure>\n","protected":false},"excerpt":{"rendered":"<p>Synopsis Deze Prelude tot de zee op muziek van Claude Debussy en naar een tekst van Stephane Mallarm\u00e9, is het sublieme muzikale gedicht van het afwezige, het verdwijnen. Middenin het uitgedroogde Aralmeer wordt dit gedicht geconfronteerd binnen een catastrofale omgeving, een plaats waar een heel meer aan het verdwijnen is. Regisseur Thierry De Mey Jaar [&hellip;]<\/p>\n","protected":false},"author":3,"featured_media":506,"comment_status":"open","ping_status":"open","sticky":false,"template":"","format":"standard","meta":{"footnotes":""},"categories":[1],"tags":[14],"class_list":["post-192","post","type-post","status-publish","format-standard","has-post-thumbnail","hentry","category-non-classe","tag-debussy-dance-music"],"_links":{"self":[{"href":"https:\/\/sophimages.be\/nl\/wp-json\/wp\/v2\/posts\/192","targetHints":{"allow":["GET"]}}],"collection":[{"href":"https:\/\/sophimages.be\/nl\/wp-json\/wp\/v2\/posts"}],"about":[{"href":"https:\/\/sophimages.be\/nl\/wp-json\/wp\/v2\/types\/post"}],"author":[{"embeddable":true,"href":"https:\/\/sophimages.be\/nl\/wp-json\/wp\/v2\/users\/3"}],"replies":[{"embeddable":true,"href":"https:\/\/sophimages.be\/nl\/wp-json\/wp\/v2\/comments?post=192"}],"version-history":[{"count":11,"href":"https:\/\/sophimages.be\/nl\/wp-json\/wp\/v2\/posts\/192\/revisions"}],"predecessor-version":[{"id":582,"href":"https:\/\/sophimages.be\/nl\/wp-json\/wp\/v2\/posts\/192\/revisions\/582"}],"wp:featuredmedia":[{"embeddable":true,"href":"https:\/\/sophimages.be\/nl\/wp-json\/wp\/v2\/media\/506"}],"wp:attachment":[{"href":"https:\/\/sophimages.be\/nl\/wp-json\/wp\/v2\/media?parent=192"}],"wp:term":[{"taxonomy":"category","embeddable":true,"href":"https:\/\/sophimages.be\/nl\/wp-json\/wp\/v2\/categories?post=192"},{"taxonomy":"post_tag","embeddable":true,"href":"https:\/\/sophimages.be\/nl\/wp-json\/wp\/v2\/tags?post=192"}],"curies":[{"name":"wp","href":"https:\/\/api.w.org\/{rel}","templated":true}]}}